{"id":4589,"date":"2025-04-06T12:43:14","date_gmt":"2025-04-06T11:43:14","guid":{"rendered":"https:\/\/rc-roethis.at\/?p=4589"},"modified":"2025-04-06T12:43:16","modified_gmt":"2025-04-06T11:43:16","slug":"2-swiss-cup-am-05-april-2025-in-oberbueren-schweiz","status":"publish","type":"post","link":"https:\/\/rc-roethis.at\/?p=4589","title":{"rendered":"2. SWISS CUP am 05. April 2025 in Oberb\u00fcren (Schweiz)"},"content":{"rendered":"Am Samstag dem 05.04.2025 starteten Leonie Br\u00fcckner und Emma Toplak im 2er Juniorinnen sowie Leonie Br\u00fcckner im 1er Juniorinnen beim 2. Swiss-Cup in Oberb\u00fcren (Schweiz).<br \/><br \/>Die beiden konnten ihre Leistung vom letzten Mal deutlich steigern und fuhren 53,85 Punkte aus. Dies bedeutete f\u00fcr sie in der Endwertung (1. + 2. Swiss-Cup zusammen) den 6. Platz.<br \/>Leonie Br\u00fcckner startete an diesem Tag ebenso im 1er der Juniorinnen und pr\u00e4sentierte dem Publikum ein Programm mit 59,44 Punkten. In der Endwertung belegte sie den 18. Platz von 23 Starterinnen.<br \/>","protected":false},"excerpt":{"rendered":"<p>Am Samstag dem 05.04.2025 starteten Leonie Br\u00fcckner und Emma Toplak im 2er Juniorinnen sowie Leonie Br\u00fcckner im 1er Juniorinnen beim 2. Swiss-Cup in Oberb\u00fcren (Schweiz). Die beiden konnten ihre Leistung vom letzten Mal deutlich steigern und fuhren 53,85 Punkte aus. Dies bedeutete f\u00fcr sie in der Endwertung (1. + 2. Swiss-Cup zusammen) den 6. Platz.Leonie &hellip; <\/p>\n<p class=\"link-more\"><a href=\"https:\/\/rc-roethis.at\/?p=4589\" class=\"more-link\"><span class=\"screen-reader-text\">\u201e2. SWISS CUP am 05. April 2025 in Oberb\u00fcren (Schweiz)\u201c <\/span>weiterlesen<\/a><\/p>\n","protected":false},"author":3,"featured_media":0,"comment_status":"closed","ping_status":"closed","sticky":false,"template":"","format":"standard","meta":{"ngg_post_thumbnail":0,"footnotes":""},"categories":[1],"tags":[],"class_list":["post-4589","post","type-post","status-publish","format-standard","hentry","category-uncategorized"],"yoast_head":"<!-- This site is optimized with the Yoast SEO plugin v27.2 - https:\/\/yoast.com\/product\/yoast-seo-wordpress\/ -->\n<title>2. SWISS CUP am 05. April 2025 in Oberb\u00fcren (Schweiz) - \u00d6AMTC RC R\u00f6this<\/title>\n<meta name=\"robots\" content=\"index, follow, max-snippet:-1, max-image-preview:large, max-video-preview:-1\" \/>\n<link rel=\"canonical\" href=\"https:\/\/rc-roethis.at\/?p=4589\" \/>\n<meta property=\"og:locale\" content=\"de_DE\" \/>\n<meta property=\"og:type\" content=\"article\" \/>\n<meta property=\"og:title\" content=\"2. SWISS CUP am 05. April 2025 in Oberb\u00fcren (Schweiz) - \u00d6AMTC RC R\u00f6this\" \/>\n<meta property=\"og:description\" content=\"Am Samstag dem 05.04.2025 starteten Leonie Br\u00fcckner und Emma Toplak im 2er Juniorinnen sowie Leonie Br\u00fcckner im 1er Juniorinnen beim 2. Swiss-Cup in Oberb\u00fcren (Schweiz). Die beiden konnten ihre Leistung vom letzten Mal deutlich steigern und fuhren 53,85 Punkte aus. Dies bedeutete f\u00fcr sie in der Endwertung (1. + 2. Swiss-Cup zusammen) den 6. Platz.Leonie &hellip; \u201e2. SWISS CUP am 05. April 2025 in Oberb\u00fcren (Schweiz)\u201c weiterlesen\" \/>\n<meta property=\"og:url\" content=\"https:\/\/rc-roethis.at\/?p=4589\" \/>\n<meta property=\"og:site_name\" content=\"\u00d6AMTC RC R\u00f6this\" \/>\n<meta property=\"article:published_time\" content=\"2025-04-06T11:43:14+00:00\" \/>\n<meta property=\"article:modified_time\" content=\"2025-04-06T11:43:16+00:00\" \/>\n<meta name=\"author\" content=\"Laura Schnetzer\" \/>\n<meta name=\"twitter:card\" content=\"summary_large_image\" \/>\n<meta name=\"twitter:label1\" content=\"Verfasst von\" \/>\n\t<meta name=\"twitter:data1\" content=\"Laura Schnetzer\" \/>\n\t<meta name=\"twitter:label2\" content=\"Gesch\u00e4tzte Lesezeit\" \/>\n\t<meta name=\"twitter:data2\" content=\"1\u00a0Minute\" \/>\n<script type=\"application\/ld+json\" class=\"yoast-schema-graph\">{\"@context\":\"https:\/\/schema.org\",\"@graph\":[{\"@type\":\"Article\",\"@id\":\"https:\/\/rc-roethis.at\/?p=4589#article\",\"isPartOf\":{\"@id\":\"https:\/\/rc-roethis.at\/?p=4589\"},\"author\":{\"name\":\"Laura Schnetzer\",\"@id\":\"https:\/\/rc-roethis.at\/#\/schema\/person\/703eb0e82c8c9806bdf5d6d1510b0bb9\"},\"headline\":\"2. SWISS CUP am 05. April 2025 in Oberb\u00fcren (Schweiz)\",\"datePublished\":\"2025-04-06T11:43:14+00:00\",\"dateModified\":\"2025-04-06T11:43:16+00:00\",\"mainEntityOfPage\":{\"@id\":\"https:\/\/rc-roethis.at\/?p=4589\"},\"wordCount\":90,\"publisher\":{\"@id\":\"https:\/\/rc-roethis.at\/#organization\"},\"articleSection\":[\"Uncategorized\"],\"inLanguage\":\"de\"},{\"@type\":\"WebPage\",\"@id\":\"https:\/\/rc-roethis.at\/?p=4589\",\"url\":\"https:\/\/rc-roethis.at\/?p=4589\",\"name\":\"2. SWISS CUP am 05. April 2025 in Oberb\u00fcren (Schweiz) - \u00d6AMTC RC R\u00f6this\",\"isPartOf\":{\"@id\":\"https:\/\/rc-roethis.at\/#website\"},\"datePublished\":\"2025-04-06T11:43:14+00:00\",\"dateModified\":\"2025-04-06T11:43:16+00:00\",\"breadcrumb\":{\"@id\":\"https:\/\/rc-roethis.at\/?p=4589#breadcrumb\"},\"inLanguage\":\"de\",\"potentialAction\":[{\"@type\":\"ReadAction\",\"target\":[\"https:\/\/rc-roethis.at\/?p=4589\"]}]},{\"@type\":\"BreadcrumbList\",\"@id\":\"https:\/\/rc-roethis.at\/?p=4589#breadcrumb\",\"itemListElement\":[{\"@type\":\"ListItem\",\"position\":1,\"name\":\"Startseite\",\"item\":\"https:\/\/rc-roethis.at\/\"},{\"@type\":\"ListItem\",\"position\":2,\"name\":\"2. SWISS CUP am 05. April 2025 in Oberb\u00fcren (Schweiz)\"}]},{\"@type\":\"WebSite\",\"@id\":\"https:\/\/rc-roethis.at\/#website\",\"url\":\"https:\/\/rc-roethis.at\/\",\"name\":\"\u00d6AMTC RC R\u00f6this\",\"description\":\"Radsportclub\",\"publisher\":{\"@id\":\"https:\/\/rc-roethis.at\/#organization\"},\"potentialAction\":[{\"@type\":\"SearchAction\",\"target\":{\"@type\":\"EntryPoint\",\"urlTemplate\":\"https:\/\/rc-roethis.at\/?s={search_term_string}\"},\"query-input\":{\"@type\":\"PropertyValueSpecification\",\"valueRequired\":true,\"valueName\":\"search_term_string\"}}],\"inLanguage\":\"de\"},{\"@type\":\"Organization\",\"@id\":\"https:\/\/rc-roethis.at\/#organization\",\"name\":\"\u00d6AMTC RC R\u00f6this\",\"url\":\"https:\/\/rc-roethis.at\/\",\"logo\":{\"@type\":\"ImageObject\",\"inLanguage\":\"de\",\"@id\":\"https:\/\/rc-roethis.at\/#\/schema\/logo\/image\/\",\"url\":\"https:\/\/rc-roethis.at\/wp-content\/uploads\/2024\/01\/cropped-RC-Roethis_Logo-1.png\",\"contentUrl\":\"https:\/\/rc-roethis.at\/wp-content\/uploads\/2024\/01\/cropped-RC-Roethis_Logo-1.png\",\"width\":248,\"height\":206,\"caption\":\"\u00d6AMTC RC R\u00f6this\"},\"image\":{\"@id\":\"https:\/\/rc-roethis.at\/#\/schema\/logo\/image\/\"}},{\"@type\":\"Person\",\"@id\":\"https:\/\/rc-roethis.at\/#\/schema\/person\/703eb0e82c8c9806bdf5d6d1510b0bb9\",\"name\":\"Laura Schnetzer\",\"image\":{\"@type\":\"ImageObject\",\"inLanguage\":\"de\",\"@id\":\"https:\/\/secure.gravatar.com\/avatar\/1cd39845b2408078a1608f9935dc113e65622b0b3bcc382297b7b76a185af4b6?s=96&d=mm&r=g\",\"url\":\"https:\/\/secure.gravatar.com\/avatar\/1cd39845b2408078a1608f9935dc113e65622b0b3bcc382297b7b76a185af4b6?s=96&d=mm&r=g\",\"contentUrl\":\"https:\/\/secure.gravatar.com\/avatar\/1cd39845b2408078a1608f9935dc113e65622b0b3bcc382297b7b76a185af4b6?s=96&d=mm&r=g\",\"caption\":\"Laura Schnetzer\"}}]}<\/script>\n<!-- \/ Yoast SEO plugin. -->","yoast_head_json":{"title":"2. SWISS CUP am 05. April 2025 in Oberb\u00fcren (Schweiz) - \u00d6AMTC RC R\u00f6this","robots":{"index":"index","follow":"follow","max-snippet":"max-snippet:-1","max-image-preview":"max-image-preview:large","max-video-preview":"max-video-preview:-1"},"canonical":"https:\/\/rc-roethis.at\/?p=4589","og_locale":"de_DE","og_type":"article","og_title":"2. SWISS CUP am 05. April 2025 in Oberb\u00fcren (Schweiz) - \u00d6AMTC RC R\u00f6this","og_description":"Am Samstag dem 05.04.2025 starteten Leonie Br\u00fcckner und Emma Toplak im 2er Juniorinnen sowie Leonie Br\u00fcckner im 1er Juniorinnen beim 2. Swiss-Cup in Oberb\u00fcren (Schweiz). Die beiden konnten ihre Leistung vom letzten Mal deutlich steigern und fuhren 53,85 Punkte aus. Dies bedeutete f\u00fcr sie in der Endwertung (1. + 2. Swiss-Cup zusammen) den 6. Platz.Leonie &hellip; \u201e2. SWISS CUP am 05. April 2025 in Oberb\u00fcren (Schweiz)\u201c weiterlesen","og_url":"https:\/\/rc-roethis.at\/?p=4589","og_site_name":"\u00d6AMTC RC R\u00f6this","article_published_time":"2025-04-06T11:43:14+00:00","article_modified_time":"2025-04-06T11:43:16+00:00","author":"Laura Schnetzer","twitter_card":"summary_large_image","twitter_misc":{"Verfasst von":"Laura Schnetzer","Gesch\u00e4tzte Lesezeit":"1\u00a0Minute"},"schema":{"@context":"https:\/\/schema.org","@graph":[{"@type":"Article","@id":"https:\/\/rc-roethis.at\/?p=4589#article","isPartOf":{"@id":"https:\/\/rc-roethis.at\/?p=4589"},"author":{"name":"Laura Schnetzer","@id":"https:\/\/rc-roethis.at\/#\/schema\/person\/703eb0e82c8c9806bdf5d6d1510b0bb9"},"headline":"2. SWISS CUP am 05. April 2025 in Oberb\u00fcren (Schweiz)","datePublished":"2025-04-06T11:43:14+00:00","dateModified":"2025-04-06T11:43:16+00:00","mainEntityOfPage":{"@id":"https:\/\/rc-roethis.at\/?p=4589"},"wordCount":90,"publisher":{"@id":"https:\/\/rc-roethis.at\/#organization"},"articleSection":["Uncategorized"],"inLanguage":"de"},{"@type":"WebPage","@id":"https:\/\/rc-roethis.at\/?p=4589","url":"https:\/\/rc-roethis.at\/?p=4589","name":"2. SWISS CUP am 05. April 2025 in Oberb\u00fcren (Schweiz) - \u00d6AMTC RC R\u00f6this","isPartOf":{"@id":"https:\/\/rc-roethis.at\/#website"},"datePublished":"2025-04-06T11:43:14+00:00","dateModified":"2025-04-06T11:43:16+00:00","breadcrumb":{"@id":"https:\/\/rc-roethis.at\/?p=4589#breadcrumb"},"inLanguage":"de","potentialAction":[{"@type":"ReadAction","target":["https:\/\/rc-roethis.at\/?p=4589"]}]},{"@type":"BreadcrumbList","@id":"https:\/\/rc-roethis.at\/?p=4589#breadcrumb","itemListElement":[{"@type":"ListItem","position":1,"name":"Startseite","item":"https:\/\/rc-roethis.at\/"},{"@type":"ListItem","position":2,"name":"2. SWISS CUP am 05. April 2025 in Oberb\u00fcren (Schweiz)"}]},{"@type":"WebSite","@id":"https:\/\/rc-roethis.at\/#website","url":"https:\/\/rc-roethis.at\/","name":"\u00d6AMTC RC R\u00f6this","description":"Radsportclub","publisher":{"@id":"https:\/\/rc-roethis.at\/#organization"},"potentialAction":[{"@type":"SearchAction","target":{"@type":"EntryPoint","urlTemplate":"https:\/\/rc-roethis.at\/?s={search_term_string}"},"query-input":{"@type":"PropertyValueSpecification","valueRequired":true,"valueName":"search_term_string"}}],"inLanguage":"de"},{"@type":"Organization","@id":"https:\/\/rc-roethis.at\/#organization","name":"\u00d6AMTC RC R\u00f6this","url":"https:\/\/rc-roethis.at\/","logo":{"@type":"ImageObject","inLanguage":"de","@id":"https:\/\/rc-roethis.at\/#\/schema\/logo\/image\/","url":"https:\/\/rc-roethis.at\/wp-content\/uploads\/2024\/01\/cropped-RC-Roethis_Logo-1.png","contentUrl":"https:\/\/rc-roethis.at\/wp-content\/uploads\/2024\/01\/cropped-RC-Roethis_Logo-1.png","width":248,"height":206,"caption":"\u00d6AMTC RC R\u00f6this"},"image":{"@id":"https:\/\/rc-roethis.at\/#\/schema\/logo\/image\/"}},{"@type":"Person","@id":"https:\/\/rc-roethis.at\/#\/schema\/person\/703eb0e82c8c9806bdf5d6d1510b0bb9","name":"Laura Schnetzer","image":{"@type":"ImageObject","inLanguage":"de","@id":"https:\/\/secure.gravatar.com\/avatar\/1cd39845b2408078a1608f9935dc113e65622b0b3bcc382297b7b76a185af4b6?s=96&d=mm&r=g","url":"https:\/\/secure.gravatar.com\/avatar\/1cd39845b2408078a1608f9935dc113e65622b0b3bcc382297b7b76a185af4b6?s=96&d=mm&r=g","contentUrl":"https:\/\/secure.gravatar.com\/avatar\/1cd39845b2408078a1608f9935dc113e65622b0b3bcc382297b7b76a185af4b6?s=96&d=mm&r=g","caption":"Laura Schnetzer"}}]}},"_links":{"self":[{"href":"https:\/\/rc-roethis.at\/index.php?rest_route=\/wp\/v2\/posts\/4589","targetHints":{"allow":["GET"]}}],"collection":[{"href":"https:\/\/rc-roethis.at\/index.php?rest_route=\/wp\/v2\/posts"}],"about":[{"href":"https:\/\/rc-roethis.at\/index.php?rest_route=\/wp\/v2\/types\/post"}],"author":[{"embeddable":true,"href":"https:\/\/rc-roethis.at\/index.php?rest_route=\/wp\/v2\/users\/3"}],"replies":[{"embeddable":true,"href":"https:\/\/rc-roethis.at\/index.php?rest_route=%2Fwp%2Fv2%2Fcomments&post=4589"}],"version-history":[{"count":1,"href":"https:\/\/rc-roethis.at\/index.php?rest_route=\/wp\/v2\/posts\/4589\/revisions"}],"predecessor-version":[{"id":4591,"href":"https:\/\/rc-roethis.at\/index.php?rest_route=\/wp\/v2\/posts\/4589\/revisions\/4591"}],"wp:attachment":[{"href":"https:\/\/rc-roethis.at\/index.php?rest_route=%2Fwp%2Fv2%2Fmedia&parent=4589"}],"wp:term":[{"taxonomy":"category","embeddable":true,"href":"https:\/\/rc-roethis.at\/index.php?rest_route=%2Fwp%2Fv2%2Fcategories&post=4589"},{"taxonomy":"post_tag","embeddable":true,"href":"https:\/\/rc-roethis.at\/index.php?rest_route=%2Fwp%2Fv2%2Ftags&post=4589"}],"curies":[{"name":"wp","href":"https:\/\/api.w.org\/{rel}","templated":true}]}}